{"id":23651,"__str__":"Requerimento n\u00ba 266 de 2025","link_detail_backend":"/materia/23651","metadata":{},"numero":266,"ano":2025,"numero_protocolo":null,"data_apresentacao":"2025-02-24","tipo_apresentacao":"","data_publicacao":null,"numero_origem_externa":"","ano_origem_externa":null,"data_origem_externa":null,"apelido":"","dias_prazo":null,"data_fim_prazo":null,"em_tramitacao":false,"polemica":false,"objeto":"","complementar":false,"ementa":"Requeremos de acordo com o regimento interno dessa egr\u00e9gia casa de Leis, ouvido o douto plen\u00e1rio, REGIME DE URG\u00caNCIA ESPECIAL ao Projeto de Lei  n\u00ba 012, de 14/02/2025, de autoria do Poder Executivo, que disp\u00f5e sobre autoriza\u00e7\u00e3o para celebrar Termo de Fomento e d\u00e1 outras provid\u00eancias. (Termo de Fomento \u00e9 o repasse de recursos para proporcionar aos alunos/destinat\u00e1rios com Defici\u00eancia Intelectual, M\u00faltipla e Transtorno do Espectro Autista - TEA).","indexacao":"","observacao":"","resultado":"","texto_original":"http://sapl.dracena.sp.leg.br/media/sapl/public/materialegislativa/2025/23651/r_266_2025.pdf","data_ultima_atualizacao":"2025-07-16T12:50:41.486680-03:00","ip":"187.17.201.176","ultima_edicao":"2025-07-16T12:50:41.407926-03:00","tipo":19,"regime_tramitacao":5,"tipo_origem_externa":null,"local_origem_externa":null,"user":2,"anexadas":[],"autores":[1,207,208,209,210,211,212,213,214,215,216,217,218]}