{"id":23517,"__str__":"Projeto de Lei Complementar n\u00ba 9 de 2025","link_detail_backend":"/materia/23517","metadata":{},"numero":9,"ano":2025,"numero_protocolo":null,"data_apresentacao":"2025-03-27","tipo_apresentacao":"","data_publicacao":null,"numero_origem_externa":"","ano_origem_externa":null,"data_origem_externa":null,"apelido":"","dias_prazo":null,"data_fim_prazo":null,"em_tramitacao":false,"polemica":false,"objeto":"","complementar":false,"ementa":"Disp\u00f5e sobre a cria\u00e7\u00e3o e organiza\u00e7\u00e3o das unidades administrativas existentes no Munic\u00edpio de Dracena, cria cargos em comiss\u00e3o para geri-las, estabelece compet\u00eancias, atribui\u00e7\u00f5es e d\u00e1 outras provid\u00eancias","indexacao":"","observacao":"","resultado":"","texto_original":"http://sapl.dracena.sp.leg.br/media/sapl/public/materialegislativa/2025/23517/plc_009_2025_-01.pdf","data_ultima_atualizacao":"2025-07-14T11:51:41.316369-03:00","ip":"187.17.201.176","ultima_edicao":"2025-07-14T11:51:39.666841-03:00","tipo":6,"regime_tramitacao":5,"tipo_origem_externa":null,"local_origem_externa":null,"user":2,"anexadas":[],"autores":[414]}