{"id":23280,"__str__":"Indica\u00e7\u00e3o n\u00ba 90 de 2025","link_detail_backend":"/materia/23280","metadata":{},"numero":90,"ano":2025,"numero_protocolo":null,"data_apresentacao":"2025-02-17","tipo_apresentacao":"","data_publicacao":null,"numero_origem_externa":"","ano_origem_externa":null,"data_origem_externa":null,"apelido":"","dias_prazo":null,"data_fim_prazo":null,"em_tramitacao":false,"polemica":false,"objeto":"","complementar":false,"ementa":"Indico a Sra. Prefeita, de acordo com o Regimento Interno desta egr\u00e9gia Casa de Leis, juntamente com o setor competente, que providencie o monitoramento de c\u00e2meras nos reservat\u00f3rios da Empresa de Desenvolvimento \u00c1gua, Esgoto e pavimenta\u00e7\u00e3o de Dracena (EMDAEP). Dias atr\u00e1s, a empresa precisou acionar a Pol\u00edcia Militar para registrar furto de cabos el\u00e9tricos. Sem os cabos, houve falta de \u00e1gua. Isso ocorreu no Residencial Sol Nascente.","indexacao":"","observacao":"","resultado":"","texto_original":"http://sapl.dracena.sp.leg.br/media/sapl/public/materialegislativa/2025/23280/ind_090_25.pdf","data_ultima_atualizacao":"2026-02-26T08:37:18.601196-03:00","ip":"187.17.201.176","ultima_edicao":"2025-05-01T00:46:08.494902-03:00","tipo":18,"regime_tramitacao":5,"tipo_origem_externa":null,"local_origem_externa":null,"user":2,"anexadas":[],"autores":[218]}