{"id":23165,"__str__":"Requerimento n\u00ba 109 de 2025","link_detail_backend":"/materia/23165","metadata":{},"numero":109,"ano":2025,"numero_protocolo":null,"data_apresentacao":"2025-02-03","tipo_apresentacao":"","data_publicacao":null,"numero_origem_externa":"","ano_origem_externa":null,"data_origem_externa":null,"apelido":"","dias_prazo":null,"data_fim_prazo":null,"em_tramitacao":false,"polemica":false,"objeto":"","complementar":false,"ementa":"Requeiro, de acordo com o Regimento Interno dessa egr\u00e9gia Casa de Leis, ouvido o douto plen\u00e1rio, o registro em ata dos trabalhos desta Sess\u00e3o de VOTOS DE CONGRATULA\u00c7\u00d5ES ao Sr. Deputado Estadual F\u00e1bio Faria de S\u00e1 (Podemos), que tomou posse como Deputado Estadual na Assembleia Legislativa do Estado de S\u00e3o Paulo, no \u00faltimo dia 06 de janeiro de 2025. Desejamos sucessos e muito trabalho para o desenvolvimento do Estado de S\u00e3o Paulo e principalmente para o interior paulista. Reitero ainda que n\u00e3o se esque\u00e7a do munic\u00edpio de Dracena que aguarda o vosso trabalho e recursos.","indexacao":"","observacao":"","resultado":"","texto_original":"http://sapl.dracena.sp.leg.br/media/sapl/public/materialegislativa/2025/23165/r_109_2025.pdf","data_ultima_atualizacao":"2025-05-01T00:43:14.787172-03:00","ip":"187.17.201.176","ultima_edicao":"2025-05-01T00:43:14.675901-03:00","tipo":19,"regime_tramitacao":5,"tipo_origem_externa":null,"local_origem_externa":null,"user":2,"anexadas":[],"autores":[218]}