{"id":23061,"__str__":"Indica\u00e7\u00e3o n\u00ba 47 de 2025","link_detail_backend":"/materia/23061","metadata":{},"numero":47,"ano":2025,"numero_protocolo":null,"data_apresentacao":"2025-02-03","tipo_apresentacao":"","data_publicacao":null,"numero_origem_externa":"","ano_origem_externa":null,"data_origem_externa":null,"apelido":"","dias_prazo":null,"data_fim_prazo":null,"em_tramitacao":false,"polemica":false,"objeto":"","complementar":false,"ementa":"Indico a Sra. Prefeita, de acordo com o Regimento Interno desta egr\u00e9gia Casa de Leis, a possibilidade de desenvolvimento de projeto e programa de atendimento domiciliar para pessoas acamadas. Tal projeto pode ser realizado atrav\u00e9s da contrata\u00e7\u00e3o de profissional de Fisioterapia que poder\u00e1 atender se deslocando at\u00e9 as resid\u00eancias dos pacientes. Pe\u00e7o a sensibilidade da administra\u00e7\u00e3o para ter um olhar atento neste aspecto, com um investimento pequeno para um impacto social e de recupera\u00e7\u00e3o de sa\u00fade imenso para a nossa cidade.","indexacao":"","observacao":"","resultado":"","texto_original":"http://sapl.dracena.sp.leg.br/media/sapl/public/materialegislativa/2025/23061/ind_047_25.pdf","data_ultima_atualizacao":"2026-02-26T08:37:32.440339-03:00","ip":"187.17.201.176","ultima_edicao":"2025-05-01T00:40:45.940111-03:00","tipo":18,"regime_tramitacao":5,"tipo_origem_externa":null,"local_origem_externa":null,"user":2,"anexadas":[],"autores":[209]}