{"id":2250,"__str__":"Projeto de Lei Complementar n\u00ba 1 de 2009","link_detail_backend":"/materia/2250","metadata":{},"numero":1,"ano":2009,"numero_protocolo":null,"data_apresentacao":"2009-01-14","tipo_apresentacao":"","data_publicacao":null,"numero_origem_externa":"","ano_origem_externa":null,"data_origem_externa":null,"apelido":"","dias_prazo":null,"data_fim_prazo":null,"em_tramitacao":false,"polemica":false,"objeto":"","complementar":false,"ementa":"Disp\u00f5e sobre a extin\u00e7\u00e3o e cria\u00e7\u00e3o de cargo na C\u00e2mara Municipal de Dracena e d\u00e1 outras provid\u00eancias.","indexacao":"","observacao":"","resultado":"","texto_original":"http://sapl.dracena.sp.leg.br/media/sapl/public/materialegislativa/2009/2250/plc01_-_2009.pdf","data_ultima_atualizacao":"2025-03-07T15:55:36.018892-03:00","ip":"187.17.201.176","ultima_edicao":"2025-03-07T15:55:35.943697-03:00","tipo":6,"regime_tramitacao":5,"tipo_origem_externa":null,"local_origem_externa":null,"user":2,"anexadas":[],"autores":[414]}