{"id":21330,"__str__":"Requerimento n\u00ba 1030 de 2023","link_detail_backend":"/materia/21330","metadata":{},"numero":1030,"ano":2023,"numero_protocolo":null,"data_apresentacao":"2023-10-09","tipo_apresentacao":"","data_publicacao":null,"numero_origem_externa":"","ano_origem_externa":null,"data_origem_externa":null,"apelido":"","dias_prazo":null,"data_fim_prazo":null,"em_tramitacao":false,"polemica":false,"objeto":"","complementar":false,"ementa":"Requeiro ao Sr. Prefeito, de acordo com o Regimento Interno dessa egr\u00e9gia Casa de Leis, ouvido o douto plen\u00e1rio, que nos informe quando ser\u00e3o instalados aparelhos de ar condicionado na Escola Prof.\u00aa Luiza Rossa Ribeiro.","indexacao":"","observacao":"","resultado":"","texto_original":"http://sapl.dracena.sp.leg.br/media/sapl/public/materialegislativa/2023/21330/r_1030_23.pdf","data_ultima_atualizacao":"2025-04-30T23:58:04.879642-03:00","ip":"187.17.201.176","ultima_edicao":"2025-04-30T23:58:04.763794-03:00","tipo":19,"regime_tramitacao":5,"tipo_origem_externa":null,"local_origem_externa":null,"user":2,"anexadas":[],"autores":[207]}