{"id":21164,"__str__":"Requerimento n\u00ba 898 de 2023","link_detail_backend":"/materia/21164","metadata":{},"numero":898,"ano":2023,"numero_protocolo":null,"data_apresentacao":"2023-08-28","tipo_apresentacao":"","data_publicacao":null,"numero_origem_externa":"","ano_origem_externa":null,"data_origem_externa":null,"apelido":"","dias_prazo":null,"data_fim_prazo":null,"em_tramitacao":false,"polemica":false,"objeto":"","complementar":false,"ementa":"Requeiro ao Sr. Prefeito, de acordo com o Regimento Interno dessa egr\u00e9gia Casa de Leis, ouvido o douto plen\u00e1rio, que nos informe qual o prazo necess\u00e1rio para que sejam tomadas provid\u00eancias quanto ao problema de ilumina\u00e7\u00e3o no Est\u00e1dio \u00cdrio Spinardi. Tem ocorrido muitas reclama\u00e7\u00f5es, inclusive nas redes sociais (imagem em anexo), pois o local \u00e9 utilizado para treinos de futebol, por\u00e9m a ilumina\u00e7\u00e3o deficiente prejudica a pr\u00e1tica do esporte.","indexacao":"","observacao":"","resultado":"","texto_original":"http://sapl.dracena.sp.leg.br/media/sapl/public/materialegislativa/2023/21164/r_898_23.pdf","data_ultima_atualizacao":"2025-04-30T23:54:01.293588-03:00","ip":"187.17.201.176","ultima_edicao":"2025-04-30T23:54:01.188615-03:00","tipo":19,"regime_tramitacao":5,"tipo_origem_externa":null,"local_origem_externa":null,"user":2,"anexadas":[],"autores":[222,217]}