{"id":21161,"__str__":"Requerimento n\u00ba 895 de 2023","link_detail_backend":"/materia/21161","metadata":{},"numero":895,"ano":2023,"numero_protocolo":null,"data_apresentacao":"2023-08-28","tipo_apresentacao":"","data_publicacao":null,"numero_origem_externa":"","ano_origem_externa":null,"data_origem_externa":null,"apelido":"","dias_prazo":null,"data_fim_prazo":null,"em_tramitacao":false,"polemica":false,"objeto":"","complementar":false,"ementa":"Requeiro, de acordo com o Regimento Interno desta Egr\u00e9gia Casa de Leis, ouvido o Douto Plen\u00e1rio, o registro em Ata dos trabalhos desta Sess\u00e3o de Voto de Profundo Pesar pelo falecimento do Senhor Moacir Ant\u00f4nio Valeta \u201cPeroba\u201d, ocorrido em 23 de agosto de 2023.","indexacao":"","observacao":"","resultado":"","texto_original":"http://sapl.dracena.sp.leg.br/media/sapl/public/materialegislativa/2023/21161/r_895_23.pdf","data_ultima_atualizacao":"2025-04-30T23:53:57.221173-03:00","ip":"187.17.201.176","ultima_edicao":"2025-04-30T23:53:57.136017-03:00","tipo":19,"regime_tramitacao":5,"tipo_origem_externa":null,"local_origem_externa":null,"user":2,"anexadas":[],"autores":[207,216,217]}