{"id":20178,"__str__":"Requerimento n\u00ba 270 de 2023","link_detail_backend":"/materia/20178","metadata":{},"numero":270,"ano":2023,"numero_protocolo":null,"data_apresentacao":"2023-03-20","tipo_apresentacao":"","data_publicacao":null,"numero_origem_externa":"","ano_origem_externa":null,"data_origem_externa":null,"apelido":"","dias_prazo":null,"data_fim_prazo":null,"em_tramitacao":false,"polemica":false,"objeto":"","complementar":false,"ementa":"Requeiro ao Sr. Prefeito, de acordo com o Regimento Interno dessa egr\u00e9gia Casa de Leis, ouvido o douto plen\u00e1rio, juntamente com o setor competente, que entre em contato com o Governo do Estado para doa\u00e7\u00e3o de uma van para implanta\u00e7\u00e3o do projeto \u201cLiteroteca Itinerante\u201d, para percorrer os bairros de Dracena. O projeto foi idealizado pela professora Fernanda Fantin da Escola Estadual Isac Pereira Garcez. Inclusive, j\u00e1 h\u00e1 tratativas no setor cultural do munic\u00edpio e tamb\u00e9m com o Sr. Prefeito.","indexacao":"","observacao":"","resultado":"","texto_original":"http://sapl.dracena.sp.leg.br/media/sapl/public/materialegislativa/2023/20178/r_270_23.pdf","data_ultima_atualizacao":"2025-04-30T20:17:18.351283-03:00","ip":"187.17.201.176","ultima_edicao":"2025-04-30T20:17:18.267827-03:00","tipo":19,"regime_tramitacao":5,"tipo_origem_externa":null,"local_origem_externa":null,"user":2,"anexadas":[],"autores":[218]}