{"id":18761,"__str__":"Requerimento n\u00ba 275 de 2022","link_detail_backend":"/materia/18761","metadata":{},"numero":275,"ano":2022,"numero_protocolo":null,"data_apresentacao":"2022-05-02","tipo_apresentacao":"","data_publicacao":null,"numero_origem_externa":"","ano_origem_externa":null,"data_origem_externa":null,"apelido":"","dias_prazo":null,"data_fim_prazo":null,"em_tramitacao":false,"polemica":false,"objeto":"","complementar":false,"ementa":"Requeiro ao Sr. Prefeito, de acordo com o Regimento Interno dessa egr\u00e9gia Casa de Leis, ouvido o douto plen\u00e1rio, que nos informe se h\u00e1 previs\u00e3o para o perfilamento ou o recapeamento na Rua \u00c9rico Ver\u00edssimo, na \u00faltima quadra, em frente \u00e0 pra\u00e7a onde est\u00e1 situado o campo da veterana no Jardim Brasil\u00e2ndia. Lamentavelmente, o solo asf\u00e1ltico est\u00e1 muito ruim, com buracos, que causam transtornos aos usu\u00e1rios, podendo ainda ocorrer acidentes no local.","indexacao":"","observacao":"","resultado":"","texto_original":"http://sapl.dracena.sp.leg.br/media/sapl/public/materialegislativa/2022/18761/r_275_2022.pdf","data_ultima_atualizacao":"2025-04-30T19:42:29.469204-03:00","ip":"187.17.201.176","ultima_edicao":"2025-04-30T19:42:29.347107-03:00","tipo":19,"regime_tramitacao":5,"tipo_origem_externa":null,"local_origem_externa":null,"user":2,"anexadas":[],"autores":[403]}