{"id":18733,"__str__":"Requerimento n\u00ba 255 de 2022","link_detail_backend":"/materia/18733","metadata":{},"numero":255,"ano":2022,"numero_protocolo":null,"data_apresentacao":"2022-04-25","tipo_apresentacao":"","data_publicacao":null,"numero_origem_externa":"","ano_origem_externa":null,"data_origem_externa":null,"apelido":"","dias_prazo":null,"data_fim_prazo":null,"em_tramitacao":false,"polemica":false,"objeto":"","complementar":false,"ementa":"Requeiro, de acordo com o Regimento Interno dessa egr\u00e9gia Casa de Leis, ouvido o douto plen\u00e1rio, o registro em ata dos trabalhos desta Sess\u00e3o de VOTOS DE CONGRATULA\u00c7\u00d5ES ao Sr. F\u00e1bio Toneto e \u00e0 Dra. Fernanda Toneto, propriet\u00e1rios da Loja \u201cKenko Light\u201d, que ser\u00e1 inaugurada no dia 30/04/2022, na Av. Jos\u00e9 Bonif\u00e1cio, n.\u00ba 1033, centro em Dracena, especializada no ramo de colch\u00f5es, sof\u00e1s e afins. A C\u00e2mara Municipal de Dracena cumprimenta e parabeniza os empres\u00e1rios e equipe de funcion\u00e1rios, que acreditando no com\u00e9rcio dracenense investe aqui os seus sonhos e contribui com o crescimento do munic\u00edpio. Requeiro ainda que depois de aprovada esta mat\u00e9ria sejam oficiados aos homenageados, dando conhecimento deste ato do Poder Legislativo.","indexacao":"","observacao":"","resultado":"","texto_original":"http://sapl.dracena.sp.leg.br/media/sapl/public/materialegislativa/2022/18733/255_2022.pdf","data_ultima_atualizacao":"2025-04-30T19:41:48.626294-03:00","ip":"187.17.201.176","ultima_edicao":"2025-04-30T19:41:48.474670-03:00","tipo":19,"regime_tramitacao":5,"tipo_origem_externa":null,"local_origem_externa":null,"user":2,"anexadas":[],"autores":[207]}