{"id":1688,"__str__":"Projeto de Lei n\u00ba 26 de 2011","link_detail_backend":"/materia/1688","metadata":{},"numero":26,"ano":2011,"numero_protocolo":null,"data_apresentacao":"2011-03-04","tipo_apresentacao":"","data_publicacao":null,"numero_origem_externa":"","ano_origem_externa":null,"data_origem_externa":null,"apelido":"","dias_prazo":null,"data_fim_prazo":null,"em_tramitacao":false,"polemica":false,"objeto":"","complementar":false,"ementa":"D\u00e1 nova reda\u00e7\u00e3o ao artigo 1\u00ba da Lei n.\u00ba 3821, de 27 de outbro de 2010, que disp\u00f5e sobre comemora\u00e7\u00e3o c\u00edvica nas escolas municipais que especifica e d\u00e1 outras provid\u00eancias.","indexacao":"","observacao":"","resultado":"","texto_original":"http://sapl.dracena.sp.leg.br/media/sapl/public/materialegislativa/2011/1688/pl26_-_2011.pdf","data_ultima_atualizacao":"2025-03-07T15:40:45.969789-03:00","ip":"187.17.201.176","ultima_edicao":"2025-03-07T15:40:45.899370-03:00","tipo":1,"regime_tramitacao":5,"tipo_origem_externa":null,"local_origem_externa":null,"user":2,"anexadas":[],"autores":[393]}