{"id":16474,"__str__":"Requerimento n\u00ba 67 de 2021","link_detail_backend":"/materia/16474","metadata":{},"numero":67,"ano":2021,"numero_protocolo":null,"data_apresentacao":"2021-02-15","tipo_apresentacao":"","data_publicacao":null,"numero_origem_externa":"","ano_origem_externa":null,"data_origem_externa":null,"apelido":"","dias_prazo":null,"data_fim_prazo":null,"em_tramitacao":false,"polemica":false,"objeto":"","complementar":false,"ementa":"Requeremos ao Sr. Prefeito, de acordo com o Regimento Interno dessa egr\u00e9gia Casa de Leis, ouvido o douto plen\u00e1rio, informa\u00e7\u00f5es, a saber: - H\u00e1 estudos quanto \u00e0 possibilidade de se incluir os professores e todos os profissionais da Educa\u00e7\u00e3o, por exemplo, merendeiras, motoristas de transporte escolar, como grupo priorit\u00e1rio na vacina\u00e7\u00e3o em nossa cidade? Uma vez que, com o plano de volta \u00e0s aulas, \u00e9 muito importante que esses profissionais, alguns idosos, outros com doen\u00e7as preexistentes, estejam vacinados.","indexacao":"","observacao":"","resultado":"","texto_original":"http://sapl.dracena.sp.leg.br/media/sapl/public/materialegislativa/2021/16474/r067_2021.pdf","data_ultima_atualizacao":"2025-04-30T18:46:19.303075-03:00","ip":"187.17.201.176","ultima_edicao":"2025-04-30T18:46:19.174650-03:00","tipo":19,"regime_tramitacao":5,"tipo_origem_externa":null,"local_origem_externa":null,"user":2,"anexadas":[],"autores":[213,218]}