{"id":16263,"__str__":"Indica\u00e7\u00e3o n\u00ba 431 de 2020","link_detail_backend":"/materia/16263","metadata":{},"numero":431,"ano":2020,"numero_protocolo":null,"data_apresentacao":"2020-12-14","tipo_apresentacao":"","data_publicacao":null,"numero_origem_externa":"","ano_origem_externa":null,"data_origem_externa":null,"apelido":"","dias_prazo":null,"data_fim_prazo":null,"em_tramitacao":false,"polemica":false,"objeto":"","complementar":false,"ementa":"Considerando que a pandemia de COVID-19 causou preju\u00edzos consider\u00e1veis \u00e0 economia da nossa cidade, causando a suspens\u00e3o de muitas atividades, fechamento de empresas e demiss\u00e3o de colaboradores. Indico ao Sr. Prefeito, de acordo com o Regimento Interno dessa egr\u00e9gia Casa de Leis, que trabalhe na cria\u00e7\u00e3o de um plano de retomada econ\u00f4mica para a ind\u00fastria, com\u00e9rcio e presta\u00e7\u00e3o de servi\u00e7os do munic\u00edpio de Dracena, em parceira com ag\u00eancias de fomento, inclusive com oferecimento de cr\u00e9dito a profissionais aut\u00f4nomos e liberais, trabalhadores informais, microempreendedores individuais e microempres\u00e1rios. Dessa forma, poderemos superar a crise, salvar empregos e projetar um bom futuro para Dracena p\u00f3s-pandemia.","indexacao":"","observacao":"","resultado":"","texto_original":"http://sapl.dracena.sp.leg.br/media/sapl/public/materialegislativa/2020/16263/i431_2020.pdf","data_ultima_atualizacao":"2025-04-30T18:41:16.783284-03:00","ip":"187.17.201.176","ultima_edicao":"2025-04-30T18:41:16.665106-03:00","tipo":18,"regime_tramitacao":5,"tipo_origem_externa":null,"local_origem_externa":null,"user":2,"anexadas":[],"autores":[218]}