{"id":15977,"__str__":"Requerimento n\u00ba 463 de 2020","link_detail_backend":"/materia/15977","metadata":{},"numero":463,"ano":2020,"numero_protocolo":null,"data_apresentacao":"2020-09-14","tipo_apresentacao":"","data_publicacao":null,"numero_origem_externa":"","ano_origem_externa":null,"data_origem_externa":null,"apelido":"","dias_prazo":null,"data_fim_prazo":null,"em_tramitacao":false,"polemica":false,"objeto":"","complementar":false,"ementa":"Requeiro ao Sr. Prefeito, de acordo com o Regimento Interno dessa egr\u00e9gia Casa de Leis, ouvido o douto plen\u00e1rio, atrav\u00e9s da Secretaria de Educa\u00e7\u00e3o, informa\u00e7\u00f5es sobre a decis\u00e3o da rede municipal em n\u00e3o retomar as aulas presenciais em 2020 por causa da pandemia, abrangendo as Emefis e Emeis. Enviar c\u00f3pia de decis\u00e3o tomada em conjunto pelos munic\u00edpios da regi\u00e3o.","indexacao":"","observacao":"","resultado":"","texto_original":"http://sapl.dracena.sp.leg.br/media/sapl/public/materialegislativa/2020/15977/r463_20.pdf","data_ultima_atualizacao":"2025-04-30T18:34:16.753016-03:00","ip":"187.17.201.176","ultima_edicao":"2025-04-30T18:34:16.649749-03:00","tipo":19,"regime_tramitacao":5,"tipo_origem_externa":null,"local_origem_externa":null,"user":2,"anexadas":[],"autores":[394]}