{"id":11191,"__str__":"Indica\u00e7\u00e3o n\u00ba 127 de 2017","link_detail_backend":"/materia/11191","metadata":{},"numero":127,"ano":2017,"numero_protocolo":null,"data_apresentacao":"2017-02-13","tipo_apresentacao":"","data_publicacao":null,"numero_origem_externa":"","ano_origem_externa":null,"data_origem_externa":null,"apelido":"","dias_prazo":null,"data_fim_prazo":null,"em_tramitacao":false,"polemica":false,"objeto":"","complementar":false,"ementa":"Indico ao Sr. Prefeito, de acordo com o Regimento Interno dessa egr\u00e9gia Casa de Leis, que determine ao setor competente a revitaliza\u00e7\u00e3o da Pra\u00e7a Marrey J\u00fanior, nas imedia\u00e7\u00f5es da Escola Isac Pereira Garcez, com a poda de \u00e1rvores, pintura das guias e nova ilumina\u00e7\u00e3o para o Cruzeiro das Miss\u00f5es.","indexacao":"","observacao":"","resultado":"","texto_original":"http://sapl.dracena.sp.leg.br/media/sapl/public/materialegislativa/2017/11191/i0012717.pdf","data_ultima_atualizacao":"2025-04-30T15:44:59.471879-03:00","ip":"187.17.201.176","ultima_edicao":"2025-04-30T15:44:59.377422-03:00","tipo":18,"regime_tramitacao":5,"tipo_origem_externa":null,"local_origem_externa":null,"user":2,"anexadas":[],"autores":[394]}