{"id":10965,"__str__":"Requerimento n\u00ba 380 de 2016","link_detail_backend":"/materia/10965","metadata":{},"numero":380,"ano":2016,"numero_protocolo":null,"data_apresentacao":"2016-10-24","tipo_apresentacao":"","data_publicacao":null,"numero_origem_externa":"","ano_origem_externa":null,"data_origem_externa":null,"apelido":"","dias_prazo":null,"data_fim_prazo":null,"em_tramitacao":false,"polemica":false,"objeto":"","complementar":false,"ementa":"Requeiro, de acordo com o Regimento Interno dessa egr\u00e9gia Casa de Leis, ouvido o douto plen\u00e1rio, o registro em ata dos trabalhos desta Sess\u00e3o de VOTOS DE CONGRATULA\u00c7\u00d5ES ao Prefeito Municipal, Sr. Jos\u00e9 Antonio Pedretti, ao Secret\u00e1rio Municipal de Esportes, Sr. Jos\u00e9 Carlos Barbosa, \u00e0 Diretoria e aos atletas da Associa\u00e7\u00e3o Suy\u00e1 que participaram do campeonato de voleibol adaptado realizado em Auriflama, sagrando-se campe\u00f5es tanto na categoria masculina como na feminina.","indexacao":"","observacao":"","resultado":"","texto_original":"http://sapl.dracena.sp.leg.br/media/sapl/public/materialegislativa/2016/10965/r0038016.pdf","data_ultima_atualizacao":"2025-04-30T15:39:17.559865-03:00","ip":"187.17.201.176","ultima_edicao":"2025-04-30T15:39:17.462645-03:00","tipo":19,"regime_tramitacao":5,"tipo_origem_externa":null,"local_origem_externa":null,"user":2,"anexadas":[],"autores":[214]}