{"id":10728,"__str__":"Requerimento n\u00ba 194 de 2016","link_detail_backend":"/materia/10728","metadata":{},"numero":194,"ano":2016,"numero_protocolo":null,"data_apresentacao":"2016-05-09","tipo_apresentacao":"","data_publicacao":null,"numero_origem_externa":"","ano_origem_externa":null,"data_origem_externa":null,"apelido":"","dias_prazo":null,"data_fim_prazo":null,"em_tramitacao":false,"polemica":false,"objeto":"","complementar":false,"ementa":"Requeiro, de acordo com o Regimento Interno dessa egr\u00e9gia Casa de Leis, ouvido o douto plen\u00e1rio, o registro em ata dos trabalhos desta Sess\u00e3o de VOTOS DE CONGRATULA\u00c7\u00d5ES ao Sr. S\u00e9rgio de Freitas, presidente do Sinsa\u00fade de Dracena, pela entrega de diplomas a profissionais da Sa\u00fade do munic\u00edpio escolhidos para representar todos os trabalhadores do setor, inclusive aqueles que atuam nas Santas Casas da regi\u00e3o. Isto, em homenagem ao Dia Estadual e Municipal da Sa\u00fade.","indexacao":"","observacao":"","resultado":"","texto_original":"http://sapl.dracena.sp.leg.br/media/sapl/public/materialegislativa/2016/10728/r0019416.pdf","data_ultima_atualizacao":"2025-04-30T15:33:03.789724-03:00","ip":"187.17.201.176","ultima_edicao":"2025-04-30T15:33:03.661795-03:00","tipo":19,"regime_tramitacao":5,"tipo_origem_externa":null,"local_origem_externa":null,"user":2,"anexadas":[],"autores":[214]}