{"id":10347,"__str__":"Requerimento n\u00ba 601 de 2015","link_detail_backend":"/materia/10347","metadata":{},"numero":601,"ano":2015,"numero_protocolo":null,"data_apresentacao":"2015-11-16","tipo_apresentacao":"","data_publicacao":null,"numero_origem_externa":"","ano_origem_externa":null,"data_origem_externa":null,"apelido":"","dias_prazo":null,"data_fim_prazo":null,"em_tramitacao":false,"polemica":false,"objeto":"","complementar":false,"ementa":"Requeiro ao Senhor Prefeito, de acordo com o Regimento desta egr\u00e9gia casa de Leis, que nos informe se h\u00e1 previs\u00e3o para instala\u00e7\u00e3o de condicionadores de ar no pr\u00e9dio que abriga a Creche Gente Mi\u00fada.","indexacao":"","observacao":"","resultado":"","texto_original":"http://sapl.dracena.sp.leg.br/media/sapl/public/materialegislativa/2015/10347/r0060115.pdf","data_ultima_atualizacao":"2025-04-30T15:23:01.726005-03:00","ip":"187.17.201.176","ultima_edicao":"2025-04-30T15:23:01.641440-03:00","tipo":19,"regime_tramitacao":5,"tipo_origem_externa":null,"local_origem_externa":null,"user":2,"anexadas":[],"autores":[408]}