{"id":1033,"__str__":"Projeto de Lei n\u00ba 63 de 2021","link_detail_backend":"/materia/1033","metadata":{},"numero":63,"ano":2021,"numero_protocolo":null,"data_apresentacao":"2021-09-13","tipo_apresentacao":"","data_publicacao":null,"numero_origem_externa":"","ano_origem_externa":null,"data_origem_externa":null,"apelido":"","dias_prazo":null,"data_fim_prazo":null,"em_tramitacao":false,"polemica":false,"objeto":"","complementar":false,"ementa":"Disp\u00f5e sobre denomina\u00e7\u00e3o de pr\u00f3prio p\u00fablico que especifica. (A Rua, sem denomina\u00e7\u00e3o, existente no Jardim Vera Cruz,localizada entre as Ruas Olavo Bilac e Cunha Bueno(quadras 15 e 16),passa a ser denominada de \u201cRua Vera Cruz)","indexacao":"","observacao":"","resultado":"","texto_original":"http://sapl.dracena.sp.leg.br/media/sapl/public/materialegislativa/2021/1033/pl_063_2021_-_01.pdf","data_ultima_atualizacao":"2025-03-07T15:22:45.161628-03:00","ip":"187.17.201.176","ultima_edicao":"2025-03-07T15:22:44.992165-03:00","tipo":1,"regime_tramitacao":5,"tipo_origem_externa":null,"local_origem_externa":null,"user":2,"anexadas":[],"autores":[222,207,403,208,388,211,213,369,216,217,410,412]}