{"id":10199,"__str__":"Requerimento n\u00ba 493 de 2015","link_detail_backend":"/materia/10199","metadata":{},"numero":493,"ano":2015,"numero_protocolo":null,"data_apresentacao":"2015-09-28","tipo_apresentacao":"","data_publicacao":null,"numero_origem_externa":"","ano_origem_externa":null,"data_origem_externa":null,"apelido":"","dias_prazo":null,"data_fim_prazo":null,"em_tramitacao":false,"polemica":false,"objeto":"","complementar":false,"ementa":"Requeiro, de acordo com o Regimento Interno dessa egr\u00e9gia Casa de Leis, ouvido o douto plen\u00e1rio, o registro em ata dos trabalhos desta Sess\u00e3o de VOTOS DE CONGRATULA\u00c7\u00d5ES ao Senhor Edson Hideo dos Santos, Diretor do Tribunal de Contas UR18, em raz\u00e3o do Ciclo de Debates com Agentes Pol\u00edticos e Dirigentes Municipais 2015, realizado no dia 24 de setembro, na cidade de Arco \u00cdris. As Congratula\u00e7\u00f5es s\u00e3o extensivas aos t\u00e9cnicos da Regional Eurico Marcos Pereira de Souza, Wellinton Fernando Saldeira e Raul Teixeira Silva e aos Drs. Roberto Serafim de Souza e Julio C\u00e9sar Durante Consultores de Pol\u00edticas do Sebrae - SP.","indexacao":"","observacao":"","resultado":"","texto_original":"http://sapl.dracena.sp.leg.br/media/sapl/public/materialegislativa/2015/10199/r0049315.pdf","data_ultima_atualizacao":"2025-04-30T15:19:10.706912-03:00","ip":"187.17.201.176","ultima_edicao":"2025-04-30T15:19:10.559366-03:00","tipo":19,"regime_tramitacao":5,"tipo_origem_externa":null,"local_origem_externa":null,"user":2,"anexadas":[],"autores":[214]}