{"id":10184,"__str__":"Requerimento n\u00ba 484 de 2015","link_detail_backend":"/materia/10184","metadata":{},"numero":484,"ano":2015,"numero_protocolo":null,"data_apresentacao":"2015-09-21","tipo_apresentacao":"","data_publicacao":null,"numero_origem_externa":"","ano_origem_externa":null,"data_origem_externa":null,"apelido":"","dias_prazo":null,"data_fim_prazo":null,"em_tramitacao":false,"polemica":false,"objeto":"","complementar":false,"ementa":"Requeiro, de acordo com o Regimento Interno dessa egr\u00e9gia Casa de Leis, ouvido o douto plen\u00e1rio, o registro em ata dos trabalhos desta Sess\u00e3o de VOTOS DE CONGRATULA\u00c7\u00d5ES ao novo Conselho Municipal da Sa\u00fade, Bi\u00eanio 2015/2017, composto pelos Senhores Salvador Fontes Garcia, Presidente; Josmar Edson Delovo, Vice Presidente; Ana Paula Coser, 1\u00aa Secret\u00e1ria; e, Maria Helena de Oliveira Rodrigues, 2\u00aa Secret\u00e1ria.","indexacao":"","observacao":"","resultado":"","texto_original":"http://sapl.dracena.sp.leg.br/media/sapl/public/materialegislativa/2015/10184/r0048415.pdf","data_ultima_atualizacao":"2025-04-30T15:18:43.055613-03:00","ip":"187.17.201.176","ultima_edicao":"2025-04-30T15:18:42.939374-03:00","tipo":19,"regime_tramitacao":5,"tipo_origem_externa":null,"local_origem_externa":null,"user":2,"anexadas":[],"autores":[214]}