{"id":10026,"__str__":"Requerimento n\u00ba 357 de 2015","link_detail_backend":"/materia/10026","metadata":{},"numero":357,"ano":2015,"numero_protocolo":null,"data_apresentacao":"2015-06-29","tipo_apresentacao":"","data_publicacao":null,"numero_origem_externa":"","ano_origem_externa":null,"data_origem_externa":null,"apelido":"","dias_prazo":null,"data_fim_prazo":null,"em_tramitacao":false,"polemica":false,"objeto":"","complementar":false,"ementa":"Requeiro, de acordo com o Regimento Interno dessa egr\u00e9gia Casa de Leis, ouvido o douto plen\u00e1rio, o registro em ata dos trabalhos desta Sess\u00e3o de VOTOS DE CONGRATULA\u00c7\u00d5ES ao Presidente da Ordem dos Advogados do Brasil no Estado de S\u00e3o Paulo, Dr. Marcos Costa, e \u00e0 Dra. Margarete de C\u00e1ssia Lopes, Presidente da entidade em Dracena pelo lan\u00e7amento da Campanha \"Corrup\u00e7\u00e3o N\u00e3o!\", no dia 22 do corrente m\u00eas, na Casa do Advogado de nosso munic\u00edpio.","indexacao":"","observacao":"","resultado":"","texto_original":"http://sapl.dracena.sp.leg.br/media/sapl/public/materialegislativa/2015/10026/r0035715.pdf","data_ultima_atualizacao":"2025-04-30T15:14:36.387757-03:00","ip":"187.17.201.176","ultima_edicao":"2025-04-30T15:14:36.296629-03:00","tipo":19,"regime_tramitacao":5,"tipo_origem_externa":null,"local_origem_externa":null,"user":2,"anexadas":[],"autores":[214]}