{"id":6475,"__str__":"Aut\u00f3grafo - Aut\u00f3grafo de 02/12/2025 por ","link_detail_backend":"/materia/documentoacessorio/6475","metadata":{},"nome":"Aut\u00f3grafo","data":"2025-12-02","autor":"","ementa":"","indexacao":"","arquivo":"http://sapl.dracena.sp.leg.br/media/sapl/public/documentoacessorio/2025/6475/pl_093_2025_-5.pdf","data_ultima_atualizacao":"2025-12-04T12:36:28.137523-03:00","materia":25597,"tipo":2}