{"id":1059,"__str__":"Ata de Comiss\u00e3o - Ata da Comiss\u00e3o de Justi\u00e7a e Reda\u00e7\u00e3o de 13/06/2019 por Comiss\u00e3o Permanente","link_detail_backend":"/materia/documentoacessorio/1059","metadata":{},"nome":"Ata da Comiss\u00e3o de Justi\u00e7a e Reda\u00e7\u00e3o","data":"2019-06-13","autor":"Comiss\u00e3o Permanente","ementa":"","indexacao":"","arquivo":"http://sapl.dracena.sp.leg.br/media/sapl/public/documentoacessorio/2019/1059/plc_008_2019_-_02.pdf","data_ultima_atualizacao":"2025-05-26T14:06:52.416568-03:00","materia":717,"tipo":4}