{"id":1043,"__str__":"Ata de Comiss\u00e3o - Ata da Comiss\u00e3o de Sa\u00fade e Assist\u00eancia Social de 03/06/2019 por Comiss\u00e3o Permanente","link_detail_backend":"/materia/documentoacessorio/1043","metadata":{},"nome":"Ata da Comiss\u00e3o de Sa\u00fade e Assist\u00eancia Social","data":"2019-06-03","autor":"Comiss\u00e3o Permanente","ementa":"","indexacao":"","arquivo":"http://sapl.dracena.sp.leg.br/media/sapl/public/documentoacessorio/2019/1043/plc_006_2019_-_03.pdf","data_ultima_atualizacao":"2025-05-26T14:06:26.206010-03:00","materia":712,"tipo":4}